{"id":341541,"date":"2025-08-17T07:54:38","date_gmt":"2025-08-17T05:54:38","guid":{"rendered":"https:\/\/sauldie.org\/de\/soziale-gerechtigkeit-im-neflental-2\/"},"modified":"2026-03-14T11:08:25","modified_gmt":"2026-03-14T10:08:25","slug":"social-justice-in-the-neflental-2","status":"publish","type":"post","link":"https:\/\/risawave.org\/en\/soziale-gerechtigkeit-im-neflental-2\/","title":{"rendered":"Justice for all! Why it makes us strong"},"content":{"rendered":"<h2 style=\"font-family:verdana;text-align:left;\">Justice for all in the Neflental<\/h2>\n<p style=\"font-family:verdana;text-align:left;\">A very special magic reigned in the Neflental on this day. It was the Blossom Watch. The valley lay in the delicate dawn, mist covered the ground, letting the cherry and violet blossoms on the ancient, moss-covered trees shine like tiny lights. Fine spiderwebs sparkled in the dew, and mysterious mythical creatures scurried as shadows through the greenery everywhere. The colours in the valley were reminiscent of a treasure: pastel pink and lilac on the blossoms, emerald green on the ferns and pearly white on the glistening mist.<\/p>\n<p style=\"font-family:verdana;text-align:left;\">Rosa Immergr\u00fcn woke up early. She loved that special time. Even in the first light, her thoughts went outside, because she was expecting an important day. Today, a big meeting of all the valley dwellers was to take place in the Maplefire Clearing. The maple trees there glowed red and orange in autumn, like real fires in the wind. Everyone was excited, because they knew an important topic was to be discussed: justice for everyone in the valley.<\/p>\n<h2 style=\"font-family:verdana;text-align:left;\">A problem on the Maple Fire Clearing<\/h2>\n<p style=\"font-family:verdana;text-align:left;\">In the morning, Rosa Immergr\u00fcn and her friends made their way across the fern meadows to the Maple Fire clearing. There, the light sparkled through the branches; it was as if flames were dancing between the colourful leaves. Many inhabitants had already gathered: Buchians from the forests, Bergsteins from high above, Flossians from the Crystal Lake, and even the white elves. The mythical creatures also kept themselves hidden in the shade of the trees, waiting quietly.<\/p>\n<p style=\"font-family:verdana;text-align:left;\">Some Flossians seemed sad. One of them explained that they didn't feel treated fairly. They were rarely allowed to participate in the games on the meadows, and their wishes were often forgotten because they spent more time by the water than the others. The Buchians nodded. They sometimes felt excluded too, because they lived in the dense forest and couldn't be at every meeting.<\/p>\n<h3 style=\"font-family:verdana;text-align:left;\">Rosa Immergr\u00fcn has an idea<\/h3>\n<p style=\"font-family:verdana;text-align:left;\">Rosa Immergr\u00fcn listened attentively to everyone. She felt that justice for all in the Neflental was necessary so that everyone could feel comfortable. She stood up, looked around, and asked, \u201eDo you know what justice means? Is it when one person always wins, or when we all help each other and support one another?\u201c<\/p>\n<p style=\"font-family:verdana;text-align:left;\">The Mountain Stones called out that they often help others with their gemstone lanterns in the dark. The Bookians told that they like to share fruit from the forest. The Flossians explained that they give away the most beautiful shells from the lake to anyone who is sad. Then it became clear to everyone: Justice means that no one is excluded and every voice counts, no matter how different they are!<\/p>\n<h3 style=\"font-family:verdana;text-align:left;\">A new plan for the Neflental<\/h3>\n<p style=\"font-family:verdana;text-align:left;\">Rosa Immergr\u00fcn suggested that from now on all the peoples of the Neflental should be consulted for games, festivals, and decisions. She added how important it is to sometimes help others and listen, because everyone needs something different. This way, justice for all can be achieved. The inhabitants found the suggestion very good. They decided to celebrate a big festival where everyone would contribute something. Some brought delicious berries, others shells, and still others colourful leaves. Thus, a riotous festival was created, where everyone was happy and no one was excluded anymore.<\/p>\n<p style=\"font-family:verdana;text-align:left;\">From this day on, everyone made sure not to forget anyone. They asked about each other\u2019s wishes and listened carefully. If someone was sad, they helped them together. They realised how strong they could be together. Justice for all made them as a community much stronger than before!<\/p>\n<h2 style=\"font-family:verdana;text-align:left;\">What do we learn from this?<\/h2>\n<p style=\"font-family:verdana;text-align:left;\">If we look out for each other, it makes us strong. Everyone is important, whether they live by the water, in the woods, or in the meadow. Justice for all means not forgetting anyone and always listening. It is exciting to discover how different everyone is and how much you can achieve together. In the Neflental, this friendship and justice lasted forever because it reminded everyone that every person and every creature counts.<\/p>\n<p style=\"font-family:verdana;text-align:left;\">You want the book <a href=\"http:\/\/mike.rosabuch.de\/\" target=\"new\">\u201eOrder \u201cRosa Immergr\u00fcn and the Golden Oak Leaf\" \u2013 click here!<\/a>. Feel free to take  <a href=\"https:\/\/risawave.org\/en\/contact-kira-kimmelmann\/\">Contact the author Kira Kimmelmann <\/a> Read more short stories by <a href=\"https:\/\/risawave.org\/en\/themen\/kira-kimmelmann-blog\/rosa-immergruen-stories-from-the-neflental\/\">Pink evergreen<\/a> here.<\/p>","protected":false},"excerpt":{"rendered":"<p>Gerechtigkeit f\u00fcr alle im Neflental Im Neflental herrschte an diesem Tag ein ganz besonderer Zauber. Es war Bl\u00fctenwacht. Das Tal lag im zarten Morgengrauen, Nebel bedeckte den Boden und lie\u00df die Kirsch- und Veilchenbl\u00fcten auf den uralten, moosbewachsenen B\u00e4umen wie kleine Leuchten strahlen. Feine Spinnweben glitzerten im Tau, und \u00fcberall huschten geheimnisvolle Fabelwesen als Schatten &#8230; <a title=\"Justice for all! Why it makes us strong\" class=\"read-more\" href=\"https:\/\/risawave.org\/en\/soziale-gerechtigkeit-im-neflental-2\/\" aria-label=\"Read more about Gerechtigkeit f\u00fcr alle! Warum sie uns stark macht\">Read more<\/a><\/p>","protected":false},"author":4,"featured_media":341540,"comment_status":"open","ping_status":"open","sticky":false,"template":"","format":"standard","meta":{"_ef_editorial_meta_date_first-draft-date":"","_ef_editorial_meta_paragraph_assignment":"","_ef_editorial_meta_checkbox_needs-photo":"","_ef_editorial_meta_number_word-count":"","footnotes":""},"categories":[565,506],"tags":[502,592,537,609,548],"class_list":["post-341541","post","type-post","status-publish","format-standard","has-post-thumbnail","hentry","category-kira-kimmelmann-blog","category-rosa-immergruen-geschichten-aus-dem-neflental","tag-gemeinschaft-2","tag-gerechtigkeit","tag-neflental","tag-vielfaltstaerkt","tag-zusammenhalt","generate-columns","tablet-grid-50","mobile-grid-100","grid-parent","grid-25"],"yoast_head":"<!-- This site is optimized with the Yoast SEO Premium plugin v27.5 (Yoast SEO v27.5) - https:\/\/yoast.com\/product\/yoast-seo-premium-wordpress\/ -->\n<title>Gerechtigkeit f\u00fcr alle! Warum sie uns stark macht<\/title>\n<meta name=\"description\" content=\"Entdecke, wie soziale Gerechtigkeit im Neflental gelebt wird! Lies jetzt die magische Geschichte von Rosa Immergr\u00fcn.\" \/>\n<meta name=\"robots\" content=\"index, follow, max-snippet:-1, max-image-preview:large, max-video-preview:-1\" \/>\n<link rel=\"canonical\" href=\"https:\/\/risawave.org\/en\/social-justice-in-the-neflental-2\/\" \/>\n<meta property=\"og:locale\" content=\"en_GB\" \/>\n<meta property=\"og:type\" content=\"article\" \/>\n<meta property=\"og:title\" content=\"Gerechtigkeit f\u00fcr alle! Warum sie uns stark macht\" \/>\n<meta property=\"og:description\" content=\"Gerechtigkeit f\u00fcr alle! Warum sie uns stark macht - - risawave.org\" \/>\n<meta property=\"og:url\" content=\"https:\/\/risawave.org\/en\/social-justice-in-the-neflental-2\/\" \/>\n<meta property=\"og:site_name\" content=\"risawave.org\" \/>\n<meta property=\"article:published_time\" content=\"2025-08-17T05:54:38+00:00\" \/>\n<meta property=\"article:modified_time\" content=\"2026-03-14T10:08:25+00:00\" \/>\n<meta property=\"og:image\" content=\"https:\/\/risawave.org\/wp-content\/uploads\/2025\/08\/gerechtigkeit-fuer-alle-warum-sie-uns-stark-macht.jpg\" \/>\n\t<meta property=\"og:image:width\" content=\"1080\" \/>\n\t<meta property=\"og:image:height\" content=\"1350\" \/>\n\t<meta property=\"og:image:type\" content=\"image\/jpeg\" \/>\n<meta name=\"author\" content=\"kikimmelmann\" \/>\n<meta name=\"twitter:card\" content=\"summary_large_image\" \/>\n<meta name=\"twitter:label1\" content=\"Written by\" \/>\n\t<meta name=\"twitter:data1\" content=\"kikimmelmann\" \/>\n\t<meta name=\"twitter:label2\" content=\"Estimated reading time\" \/>\n\t<meta name=\"twitter:data2\" content=\"4 minutes\" \/>\n<script type=\"application\/ld+json\" class=\"yoast-schema-graph\">{\"@context\":\"https:\\\/\\\/schema.org\",\"@graph\":[{\"@type\":[\"Article\",\"BlogPosting\"],\"@id\":\"https:\\\/\\\/risawave.org\\\/soziale-gerechtigkeit-im-neflental-2\\\/#article\",\"isPartOf\":{\"@id\":\"https:\\\/\\\/risawave.org\\\/soziale-gerechtigkeit-im-neflental-2\\\/\"},\"author\":{\"name\":\"kikimmelmann\",\"@id\":\"https:\\\/\\\/risawave.org\\\/#\\\/schema\\\/person\\\/3a8c3bf1d002ef9465ed5320ee65cd12\"},\"headline\":\"Gerechtigkeit f\u00fcr alle! Warum sie uns stark macht\",\"datePublished\":\"2025-08-17T05:54:38+00:00\",\"dateModified\":\"2026-03-14T10:08:25+00:00\",\"mainEntityOfPage\":{\"@id\":\"https:\\\/\\\/risawave.org\\\/soziale-gerechtigkeit-im-neflental-2\\\/\"},\"wordCount\":715,\"commentCount\":0,\"publisher\":{\"@id\":\"https:\\\/\\\/risawave.org\\\/#organization\"},\"image\":{\"@id\":\"https:\\\/\\\/risawave.org\\\/soziale-gerechtigkeit-im-neflental-2\\\/#primaryimage\"},\"thumbnailUrl\":\"https:\\\/\\\/risawave.org\\\/wp-content\\\/uploads\\\/2025\\\/08\\\/gerechtigkeit-fuer-alle-warum-sie-uns-stark-macht.jpg\",\"keywords\":[\"#Gemeinschaft\",\"#Gerechtigkeit\",\"#Neflental\",\"#VielfaltSt\u00e4rkt\",\"#Zusammenhalt\"],\"articleSection\":[\"Kira Kimmelmann-Blog\",\"Rosa Immergr\u00fcn: Geschichten aus dem Neflental\"],\"inLanguage\":\"en-GB\",\"potentialAction\":[{\"@type\":\"CommentAction\",\"name\":\"Comment\",\"target\":[\"https:\\\/\\\/risawave.org\\\/soziale-gerechtigkeit-im-neflental-2\\\/#respond\"]}],\"copyrightYear\":\"2025\",\"copyrightHolder\":{\"@id\":\"https:\\\/\\\/risawave.org\\\/en\\\/#organization\"}},{\"@type\":\"WebPage\",\"@id\":\"https:\\\/\\\/risawave.org\\\/soziale-gerechtigkeit-im-neflental-2\\\/\",\"url\":\"https:\\\/\\\/risawave.org\\\/soziale-gerechtigkeit-im-neflental-2\\\/\",\"name\":\"Gerechtigkeit f\u00fcr alle! Warum sie uns stark macht\",\"isPartOf\":{\"@id\":\"https:\\\/\\\/risawave.org\\\/#website\"},\"primaryImageOfPage\":{\"@id\":\"https:\\\/\\\/risawave.org\\\/soziale-gerechtigkeit-im-neflental-2\\\/#primaryimage\"},\"image\":{\"@id\":\"https:\\\/\\\/risawave.org\\\/soziale-gerechtigkeit-im-neflental-2\\\/#primaryimage\"},\"thumbnailUrl\":\"https:\\\/\\\/risawave.org\\\/wp-content\\\/uploads\\\/2025\\\/08\\\/gerechtigkeit-fuer-alle-warum-sie-uns-stark-macht.jpg\",\"datePublished\":\"2025-08-17T05:54:38+00:00\",\"dateModified\":\"2026-03-14T10:08:25+00:00\",\"description\":\"Entdecke, wie soziale Gerechtigkeit im Neflental gelebt wird! Lies jetzt die magische Geschichte von Rosa Immergr\u00fcn.\",\"breadcrumb\":{\"@id\":\"https:\\\/\\\/risawave.org\\\/soziale-gerechtigkeit-im-neflental-2\\\/#breadcrumb\"},\"inLanguage\":\"en-GB\",\"potentialAction\":[{\"@type\":\"ReadAction\",\"target\":[\"https:\\\/\\\/risawave.org\\\/soziale-gerechtigkeit-im-neflental-2\\\/\"]}]},{\"@type\":\"ImageObject\",\"inLanguage\":\"en-GB\",\"@id\":\"https:\\\/\\\/risawave.org\\\/soziale-gerechtigkeit-im-neflental-2\\\/#primaryimage\",\"url\":\"https:\\\/\\\/risawave.org\\\/wp-content\\\/uploads\\\/2025\\\/08\\\/gerechtigkeit-fuer-alle-warum-sie-uns-stark-macht.jpg\",\"contentUrl\":\"https:\\\/\\\/risawave.org\\\/wp-content\\\/uploads\\\/2025\\\/08\\\/gerechtigkeit-fuer-alle-warum-sie-uns-stark-macht.jpg\",\"width\":1080,\"height\":1350,\"caption\":\"Gerechtigkeit f\u00fcr alle! Warum sie uns stark macht\"},{\"@type\":\"BreadcrumbList\",\"@id\":\"https:\\\/\\\/risawave.org\\\/soziale-gerechtigkeit-im-neflental-2\\\/#breadcrumb\",\"itemListElement\":[{\"@type\":\"ListItem\",\"position\":1,\"name\":\"Start\",\"item\":\"https:\\\/\\\/risawave.org\\\/\"},{\"@type\":\"ListItem\",\"position\":2,\"name\":\"Gerechtigkeit f\u00fcr alle! Warum sie uns stark macht\"}]},{\"@type\":\"WebSite\",\"@id\":\"https:\\\/\\\/risawave.org\\\/#website\",\"url\":\"https:\\\/\\\/risawave.org\\\/\",\"name\":\"risawave.org\",\"description\":\"\",\"publisher\":{\"@id\":\"https:\\\/\\\/risawave.org\\\/#organization\"},\"potentialAction\":[{\"@type\":\"SearchAction\",\"target\":{\"@type\":\"EntryPoint\",\"urlTemplate\":\"https:\\\/\\\/risawave.org\\\/?s={search_term_string}\"},\"query-input\":{\"@type\":\"PropertyValueSpecification\",\"valueRequired\":true,\"valueName\":\"search_term_string\"}}],\"inLanguage\":\"en-GB\"},{\"@type\":[\"Organization\",\"Place\"],\"@id\":\"https:\\\/\\\/risawave.org\\\/#organization\",\"name\":\"risawave.org\",\"url\":\"https:\\\/\\\/risawave.org\\\/\",\"logo\":{\"@id\":\"https:\\\/\\\/risawave.org\\\/soziale-gerechtigkeit-im-neflental-2\\\/#local-main-organization-logo\"},\"image\":{\"@id\":\"https:\\\/\\\/risawave.org\\\/soziale-gerechtigkeit-im-neflental-2\\\/#local-main-organization-logo\"},\"telephone\":[\"015140530884\"],\"openingHoursSpecification\":[],\"email\":\"office@newrella.hk\",\"faxNumber\":\"newrella Limited\"},{\"@type\":\"Person\",\"@id\":\"https:\\\/\\\/risawave.org\\\/#\\\/schema\\\/person\\\/3a8c3bf1d002ef9465ed5320ee65cd12\",\"name\":\"kikimmelmann\",\"url\":\"https:\\\/\\\/risawave.org\\\/en\\\/author\\\/kikimmelmann\\\/\"},{\"@type\":\"ImageObject\",\"inLanguage\":\"en-GB\",\"@id\":\"https:\\\/\\\/risawave.org\\\/soziale-gerechtigkeit-im-neflental-2\\\/#local-main-organization-logo\",\"url\":\"https:\\\/\\\/risawave.org\\\/wp-content\\\/uploads\\\/2026\\\/01\\\/Globales-logo-scaled-1.png\",\"contentUrl\":\"https:\\\/\\\/risawave.org\\\/wp-content\\\/uploads\\\/2026\\\/01\\\/Globales-logo-scaled-1.png\",\"width\":2560,\"height\":2560,\"caption\":\"risawave.org\"}]}<\/script>\n<meta name=\"geo.placename\" content=\"\u8202\u574e\u89d2\" \/>\n<meta name=\"geo.region\" content=\"Hong Kong\" \/>\n<!-- \/ Yoast SEO Premium plugin. -->","yoast_head_json":{"title":"Justice for all! Why it makes us strong","description":"Discover how social justice is lived in the Neflental! Read the magical story of Rosa Immergr\u00fcn now.","robots":{"index":"index","follow":"follow","max-snippet":"max-snippet:-1","max-image-preview":"max-image-preview:large","max-video-preview":"max-video-preview:-1"},"canonical":"https:\/\/risawave.org\/en\/social-justice-in-the-neflental-2\/","og_locale":"en_GB","og_type":"article","og_title":"Gerechtigkeit f\u00fcr alle! Warum sie uns stark macht","og_description":"Gerechtigkeit f\u00fcr alle! Warum sie uns stark macht - - risawave.org","og_url":"https:\/\/risawave.org\/en\/social-justice-in-the-neflental-2\/","og_site_name":"risawave.org","article_published_time":"2025-08-17T05:54:38+00:00","article_modified_time":"2026-03-14T10:08:25+00:00","og_image":[{"width":1080,"height":1350,"url":"https:\/\/risawave.org\/wp-content\/uploads\/2025\/08\/gerechtigkeit-fuer-alle-warum-sie-uns-stark-macht.jpg","type":"image\/jpeg"}],"author":"kikimmelmann","twitter_card":"summary_large_image","twitter_misc":{"Written by":"kikimmelmann","Estimated reading time":"4 minutes"},"schema":{"@context":"https:\/\/schema.org","@graph":[{"@type":["Article","BlogPosting"],"@id":"https:\/\/risawave.org\/soziale-gerechtigkeit-im-neflental-2\/#article","isPartOf":{"@id":"https:\/\/risawave.org\/soziale-gerechtigkeit-im-neflental-2\/"},"author":{"name":"kikimmelmann","@id":"https:\/\/risawave.org\/#\/schema\/person\/3a8c3bf1d002ef9465ed5320ee65cd12"},"headline":"Gerechtigkeit f\u00fcr alle! Warum sie uns stark macht","datePublished":"2025-08-17T05:54:38+00:00","dateModified":"2026-03-14T10:08:25+00:00","mainEntityOfPage":{"@id":"https:\/\/risawave.org\/soziale-gerechtigkeit-im-neflental-2\/"},"wordCount":715,"commentCount":0,"publisher":{"@id":"https:\/\/risawave.org\/#organization"},"image":{"@id":"https:\/\/risawave.org\/soziale-gerechtigkeit-im-neflental-2\/#primaryimage"},"thumbnailUrl":"https:\/\/risawave.org\/wp-content\/uploads\/2025\/08\/gerechtigkeit-fuer-alle-warum-sie-uns-stark-macht.jpg","keywords":["#Gemeinschaft","#Gerechtigkeit","#Neflental","#VielfaltSt\u00e4rkt","#Zusammenhalt"],"articleSection":["Kira Kimmelmann-Blog","Rosa Immergr\u00fcn: Geschichten aus dem Neflental"],"inLanguage":"en-GB","potentialAction":[{"@type":"CommentAction","name":"Comment","target":["https:\/\/risawave.org\/soziale-gerechtigkeit-im-neflental-2\/#respond"]}],"copyrightYear":"2025","copyrightHolder":{"@id":"https:\/\/risawave.org\/en\/#organization"}},{"@type":"WebPage","@id":"https:\/\/risawave.org\/soziale-gerechtigkeit-im-neflental-2\/","url":"https:\/\/risawave.org\/soziale-gerechtigkeit-im-neflental-2\/","name":"Justice for all! Why it makes us strong","isPartOf":{"@id":"https:\/\/risawave.org\/#website"},"primaryImageOfPage":{"@id":"https:\/\/risawave.org\/soziale-gerechtigkeit-im-neflental-2\/#primaryimage"},"image":{"@id":"https:\/\/risawave.org\/soziale-gerechtigkeit-im-neflental-2\/#primaryimage"},"thumbnailUrl":"https:\/\/risawave.org\/wp-content\/uploads\/2025\/08\/gerechtigkeit-fuer-alle-warum-sie-uns-stark-macht.jpg","datePublished":"2025-08-17T05:54:38+00:00","dateModified":"2026-03-14T10:08:25+00:00","description":"Discover how social justice is lived in the Neflental! Read the magical story of Rosa Immergr\u00fcn now.","breadcrumb":{"@id":"https:\/\/risawave.org\/soziale-gerechtigkeit-im-neflental-2\/#breadcrumb"},"inLanguage":"en-GB","potentialAction":[{"@type":"ReadAction","target":["https:\/\/risawave.org\/soziale-gerechtigkeit-im-neflental-2\/"]}]},{"@type":"ImageObject","inLanguage":"en-GB","@id":"https:\/\/risawave.org\/soziale-gerechtigkeit-im-neflental-2\/#primaryimage","url":"https:\/\/risawave.org\/wp-content\/uploads\/2025\/08\/gerechtigkeit-fuer-alle-warum-sie-uns-stark-macht.jpg","contentUrl":"https:\/\/risawave.org\/wp-content\/uploads\/2025\/08\/gerechtigkeit-fuer-alle-warum-sie-uns-stark-macht.jpg","width":1080,"height":1350,"caption":"Gerechtigkeit f\u00fcr alle! Warum sie uns stark macht"},{"@type":"BreadcrumbList","@id":"https:\/\/risawave.org\/soziale-gerechtigkeit-im-neflental-2\/#breadcrumb","itemListElement":[{"@type":"ListItem","position":1,"name":"Start","item":"https:\/\/risawave.org\/"},{"@type":"ListItem","position":2,"name":"Gerechtigkeit f\u00fcr alle! Warum sie uns stark macht"}]},{"@type":"WebSite","@id":"https:\/\/risawave.org\/#website","url":"https:\/\/risawave.org\/","name":"risawave.org","description":"","publisher":{"@id":"https:\/\/risawave.org\/#organization"},"potentialAction":[{"@type":"SearchAction","target":{"@type":"EntryPoint","urlTemplate":"https:\/\/risawave.org\/?s={search_term_string}"},"query-input":{"@type":"PropertyValueSpecification","valueRequired":true,"valueName":"search_term_string"}}],"inLanguage":"en-GB"},{"@type":["Organization","Place"],"@id":"https:\/\/risawave.org\/#organization","name":"risawave.org","url":"https:\/\/risawave.org\/","logo":{"@id":"https:\/\/risawave.org\/soziale-gerechtigkeit-im-neflental-2\/#local-main-organization-logo"},"image":{"@id":"https:\/\/risawave.org\/soziale-gerechtigkeit-im-neflental-2\/#local-main-organization-logo"},"telephone":["015140530884"],"openingHoursSpecification":[],"email":"office@newrella.hk","faxNumber":"newrella Limited"},{"@type":"Person","@id":"https:\/\/risawave.org\/#\/schema\/person\/3a8c3bf1d002ef9465ed5320ee65cd12","name":"Oh","url":"https:\/\/risawave.org\/en\/author\/kikimmelmann\/"},{"@type":"ImageObject","inLanguage":"en-GB","@id":"https:\/\/risawave.org\/soziale-gerechtigkeit-im-neflental-2\/#local-main-organization-logo","url":"https:\/\/risawave.org\/wp-content\/uploads\/2026\/01\/Globales-logo-scaled-1.png","contentUrl":"https:\/\/risawave.org\/wp-content\/uploads\/2026\/01\/Globales-logo-scaled-1.png","width":2560,"height":2560,"caption":"risawave.org"}]},"geo.placename":"\u8202\u574e\u89d2","geo.region":"Hong Kong"},"_links":{"self":[{"href":"https:\/\/risawave.org\/en\/wp-json\/wp\/v2\/posts\/341541","targetHints":{"allow":["GET"]}}],"collection":[{"href":"https:\/\/risawave.org\/en\/wp-json\/wp\/v2\/posts"}],"about":[{"href":"https:\/\/risawave.org\/en\/wp-json\/wp\/v2\/types\/post"}],"author":[{"embeddable":true,"href":"https:\/\/risawave.org\/en\/wp-json\/wp\/v2\/users\/4"}],"replies":[{"embeddable":true,"href":"https:\/\/risawave.org\/en\/wp-json\/wp\/v2\/comments?post=341541"}],"version-history":[{"count":1,"href":"https:\/\/risawave.org\/en\/wp-json\/wp\/v2\/posts\/341541\/revisions"}],"predecessor-version":[{"id":352645,"href":"https:\/\/risawave.org\/en\/wp-json\/wp\/v2\/posts\/341541\/revisions\/352645"}],"wp:featuredmedia":[{"embeddable":true,"href":"https:\/\/risawave.org\/en\/wp-json\/wp\/v2\/media\/341540"}],"wp:attachment":[{"href":"https:\/\/risawave.org\/en\/wp-json\/wp\/v2\/media?parent=341541"}],"wp:term":[{"taxonomy":"category","embeddable":true,"href":"https:\/\/risawave.org\/en\/wp-json\/wp\/v2\/categories?post=341541"},{"taxonomy":"post_tag","embeddable":true,"href":"https:\/\/risawave.org\/en\/wp-json\/wp\/v2\/tags?post=341541"}],"curies":[{"name":"wp","href":"https:\/\/api.w.org\/{rel}","templated":true}]}}